{"id":18756,"date":"2026-04-23T16:39:33","date_gmt":"2026-04-23T14:39:33","guid":{"rendered":"https:\/\/fundaciojvfoix.org\/?p=18756"},"modified":"2026-04-23T16:44:33","modified_gmt":"2026-04-23T14:44:33","slug":"j-v-foix-al-teatre-linstant-i-les-deixes-del-somni","status":"publish","type":"post","link":"https:\/\/fundaciojvfoix.org\/ca\/j-v-foix-al-teatre-linstant-i-les-deixes-del-somni\/","title":{"rendered":"J. V. Foix al teatre: <em>L&#8217;Instant i les deixes del somni<\/em>"},"content":{"rendered":"<p><a href=\"http:\/\/fundaciojvfoix.org\/wp-content\/uploads\/2026\/04\/actors-i-music.jpg\"><img loading=\"lazy\" decoding=\"async\" class=\"alignleft size-thumbnail wp-image-18757\" src=\"http:\/\/fundaciojvfoix.org\/wp-content\/uploads\/2026\/04\/actors-i-music-e1776857266257-110x110.jpg\" alt=\"\" width=\"110\" height=\"110\"><\/a>El mes vivent es presentar\u00e0 per primera vegada <em>L&#8217;Instant i les deixes del somni. Foix per ell mateix<\/em>, una lectura dramatitzada sobre el poeta<strong> J. V. Foix<\/strong> a c\u00e0rrec dels actors Manel Barcel\u00f3 i Rosa Renom, acompanyats pel pianista Jordi Mas\u00f3, que interpretar\u00e0 peces de <a href=\"https:\/\/fundaciomompou.cat\/\">Frederic Mompou<\/a>, contemporani de Foix. Al text el mateix Foix ens parla de la seva vida i hi ha intercalats poemes, articles, fragments de cartes&#8230;<\/p>\n<p>Lloc: Teatre de Sarri\u00e0, Major de Sarri\u00e0, 117<br \/>\nDia i hora: 19 de maig a les 20.00 h<\/p>\n<p>Ja podeu comprar les entrades <a href=\"https:\/\/teatredesarria.koobin.cat\/ca\/recital-poetic-j.v.foix-20260519-2000?idioma=CA\">aqu\u00ed<\/a>.<\/p>","protected":false},"excerpt":{"rendered":"<p>El mes vivent es presentar\u00e0 per primera vegada L&#8217;Instant i les deixes del somni. Foix per ell mateix, una lectura dramatitzada sobre el poeta J. V. Foix a c\u00e0rrec dels actors Manel Barcel\u00f3 i Rosa Renom, acompanyats pel pianista Jordi Mas\u00f3, que interpretar\u00e0 peces de Frederic Mompou, contemporani de Foix. Al text el mateix Foix&#8230;<\/p>\n","protected":false},"author":3,"featured_media":0,"comment_status":"closed","ping_status":"closed","sticky":false,"template":"","format":"standard","meta":{"ngg_post_thumbnail":0,"footnotes":""},"categories":[1],"tags":[],"class_list":["post-18756","post","type-post","status-publish","format-standard","hentry","category-general"],"aioseo_notices":[],"_links":{"self":[{"href":"https:\/\/fundaciojvfoix.org\/ca\/wp-json\/wp\/v2\/posts\/18756","targetHints":{"allow":["GET"]}}],"collection":[{"href":"https:\/\/fundaciojvfoix.org\/ca\/wp-json\/wp\/v2\/posts"}],"about":[{"href":"https:\/\/fundaciojvfoix.org\/ca\/wp-json\/wp\/v2\/types\/post"}],"author":[{"embeddable":true,"href":"https:\/\/fundaciojvfoix.org\/ca\/wp-json\/wp\/v2\/users\/3"}],"replies":[{"embeddable":true,"href":"https:\/\/fundaciojvfoix.org\/ca\/wp-json\/wp\/v2\/comments?post=18756"}],"version-history":[{"count":5,"href":"https:\/\/fundaciojvfoix.org\/ca\/wp-json\/wp\/v2\/posts\/18756\/revisions"}],"predecessor-version":[{"id":18766,"href":"https:\/\/fundaciojvfoix.org\/ca\/wp-json\/wp\/v2\/posts\/18756\/revisions\/18766"}],"wp:attachment":[{"href":"https:\/\/fundaciojvfoix.org\/ca\/wp-json\/wp\/v2\/media?parent=18756"}],"wp:term":[{"taxonomy":"category","embeddable":true,"href":"https:\/\/fundaciojvfoix.org\/ca\/wp-json\/wp\/v2\/categories?post=18756"},{"taxonomy":"post_tag","embeddable":true,"href":"https:\/\/fundaciojvfoix.org\/ca\/wp-json\/wp\/v2\/tags?post=18756"}],"curies":[{"name":"wp","href":"https:\/\/api.w.org\/{rel}","templated":true}]}}